{"id":10111,"date":"2025-01-30T15:02:37","date_gmt":"2025-01-30T18:02:37","guid":{"rendered":"https:\/\/www.fink.com.br\/mobility\/?p=10111"},"modified":"2025-01-30T15:08:02","modified_gmt":"2025-01-30T18:08:02","slug":"o-repatriamento-do-manto-tupinamba-para-o-brasil","status":"publish","type":"post","link":"https:\/\/www.fink.com.br\/mobility\/o-repatriamento-do-manto-tupinamba-para-o-brasil\/","title":{"rendered":"O repatriamento do Manto Tupinamb\u00e1 para o Brasil."},"content":{"rendered":"\n<p>Dentre os diversos projetos culturais realizados pela FINK, dentro e fora do Brasil, envolvendo obras de arte not\u00e1veis, um se destaca particularmente pelo imenso valor hist\u00f3rico para o pa\u00eds: a repatria\u00e7\u00e3o do Manto Tupinamb\u00e1 para solo brasileiro. Depois de mais de 300 anos na Dinamarca, a FINK teve a honra de cuidar da log\u00edstica para o seu retorno.<\/p>\n\n\n\n<p>O Manto Tupinamb\u00e1, que mede aproximadamente 1,20 metros de altura e 80 cent\u00edmetros de largura, \u00e9 considerado uma entidade sagrada pelo povo Tupinamb\u00e1. Levado para a Europa por volta de 1644 por exploradores holandeses, o manto \u00e9 confeccionado principalmente com penas de \u00edbis-escarlate, al\u00e9m de plumas de papagaios e araras azuis e amarelas. Tradicionalmente, era guardado num ba\u00fa de couro e utilizado em rituais espirituais.<\/p>\n\n\n\n<p>Preservado pelo Museu Nacional da Dinamarca desde 1689 &#8211; ao lado de outros quatro artefatos semelhantes &#8211; o manto representa uma figura ancestral e serve como canal de comunica\u00e7\u00e3o espiritual. Para o povo Tupinamb\u00e1, \u00e9 uma fonte de prosperidade, paz e mensagens divinas, simbolizando a preserva\u00e7\u00e3o de sua terra, cultura e rituais. \u00c9 tamb\u00e9m um poderoso emblema de resist\u00eancia na luta pelos direitos ind\u00edgenas e contra a pol\u00edtica do \u201cMarco Temporal\u201d.<\/p>\n\n\n\n<p>A devolu\u00e7\u00e3o do Manto Tupinamb\u00e1 significa a recupera\u00e7\u00e3o da dignidade, da ancestralidade e da hist\u00f3ria de um povo cuja trajet\u00f3ria foi tragicamente interrompida pela coloniza\u00e7\u00e3o. Ressalta a resili\u00eancia da cultura Tupinamb\u00e1 e a import\u00e2ncia fundamental de salvaguardar.<\/p>\n\n\n\n<p><\/p>\n","protected":false},"excerpt":{"rendered":"<p>A FINK teve a honra de cuidar de toda a logistica internacional da importa\u00e7\u00e3o para repatria\u00e7\u00e3o do Manto Tupinamb\u00e1, s\u00edmbolo de resist\u00eancia ind\u00edgena, ap\u00f3s mais de 300 anos na Dinamarca.<\/p>\n","protected":false},"author":11,"featured_media":10112,"comment_status":"closed","ping_status":"closed","sticky":false,"template":"","format":"standard","meta":{"footnotes":""},"categories":[13],"tags":[2965,2961,2963],"class_list":["post-10111","post","type-post","status-publish","format-standard","has-post-thumbnail","hentry","category-blog","tag-direitosindigenas","tag-mantotupinanba","tag-repatriacaocultural"],"yoast_head":"<!-- This site is optimized with the Yoast SEO plugin v27.2 - https:\/\/yoast.com\/product\/yoast-seo-wordpress\/ -->\n<title>O repatriamento do Manto Tupinamb\u00e1 para o Brasil. - Fink<\/title>\n<meta name=\"robots\" content=\"index, follow, max-snippet:-1, max-image-preview:large, max-video-preview:-1\" \/>\n<link rel=\"canonical\" href=\"https:\/\/www.fink.com.br\/mobility\/o-repatriamento-do-manto-tupinamba-para-o-brasil\/\" \/>\n<meta property=\"og:locale\" content=\"pt_BR\" \/>\n<meta property=\"og:type\" content=\"article\" \/>\n<meta property=\"og:title\" content=\"O repatriamento do Manto Tupinamb\u00e1 para o Brasil. - Fink\" \/>\n<meta property=\"og:description\" content=\"A FINK teve a honra de cuidar de toda a logistica internacional da importa\u00e7\u00e3o para repatria\u00e7\u00e3o do Manto Tupinamb\u00e1, s\u00edmbolo de resist\u00eancia ind\u00edgena, ap\u00f3s mais de 300 anos na Dinamarca.\" \/>\n<meta property=\"og:url\" content=\"https:\/\/www.fink.com.br\/mobility\/o-repatriamento-do-manto-tupinamba-para-o-brasil\/\" \/>\n<meta property=\"og:site_name\" content=\"Fink\" \/>\n<meta property=\"article:publisher\" content=\"https:\/\/www.facebook.com\/FINKMobility\/\" \/>\n<meta property=\"article:published_time\" content=\"2025-01-30T18:02:37+00:00\" \/>\n<meta property=\"article:modified_time\" content=\"2025-01-30T18:08:02+00:00\" \/>\n<meta property=\"og:image\" content=\"https:\/\/www.fink.com.br\/mobility\/wp-content\/uploads\/2025\/01\/Blog.png\" \/>\n\t<meta property=\"og:image:width\" content=\"1280\" \/>\n\t<meta property=\"og:image:height\" content=\"520\" \/>\n\t<meta property=\"og:image:type\" content=\"image\/png\" \/>\n<meta name=\"author\" content=\"Editor do Blog\" \/>\n<meta name=\"twitter:card\" content=\"summary_large_image\" \/>\n<meta name=\"twitter:label1\" content=\"Escrito por\" \/>\n\t<meta name=\"twitter:data1\" content=\"Editor do Blog\" \/>\n\t<meta name=\"twitter:label2\" content=\"Est. tempo de leitura\" \/>\n\t<meta name=\"twitter:data2\" content=\"2 minutos\" \/>\n<script type=\"application\/ld+json\" class=\"yoast-schema-graph\">{\"@context\":\"https:\/\/schema.org\",\"@graph\":[{\"@type\":\"Article\",\"@id\":\"https:\/\/www.fink.com.br\/mobility\/o-repatriamento-do-manto-tupinamba-para-o-brasil\/#article\",\"isPartOf\":{\"@id\":\"https:\/\/www.fink.com.br\/mobility\/o-repatriamento-do-manto-tupinamba-para-o-brasil\/\"},\"author\":{\"name\":\"Editor do Blog\",\"@id\":\"https:\/\/www.fink.com.br\/mobility\/#\/schema\/person\/9718e0d04c7c2e8848e1c1c0eed66b94\"},\"headline\":\"O repatriamento do Manto Tupinamb\u00e1 para o Brasil.\",\"datePublished\":\"2025-01-30T18:02:37+00:00\",\"dateModified\":\"2025-01-30T18:08:02+00:00\",\"mainEntityOfPage\":{\"@id\":\"https:\/\/www.fink.com.br\/mobility\/o-repatriamento-do-manto-tupinamba-para-o-brasil\/\"},\"wordCount\":250,\"publisher\":{\"@id\":\"https:\/\/www.fink.com.br\/mobility\/#organization\"},\"image\":{\"@id\":\"https:\/\/www.fink.com.br\/mobility\/o-repatriamento-do-manto-tupinamba-para-o-brasil\/#primaryimage\"},\"thumbnailUrl\":\"https:\/\/www.fink.com.br\/mobility\/wp-content\/uploads\/2025\/01\/Blog.png\",\"keywords\":[\"DireitosInd\u00edgenas\",\"MantoTupinanb\u00e1\",\"Repatria\u00e7\u00e3oCultural\"],\"articleSection\":[\"Blog\"],\"inLanguage\":\"pt-BR\"},{\"@type\":\"WebPage\",\"@id\":\"https:\/\/www.fink.com.br\/mobility\/o-repatriamento-do-manto-tupinamba-para-o-brasil\/\",\"url\":\"https:\/\/www.fink.com.br\/mobility\/o-repatriamento-do-manto-tupinamba-para-o-brasil\/\",\"name\":\"O repatriamento do Manto Tupinamb\u00e1 para o Brasil. - Fink\",\"isPartOf\":{\"@id\":\"https:\/\/www.fink.com.br\/mobility\/#website\"},\"primaryImageOfPage\":{\"@id\":\"https:\/\/www.fink.com.br\/mobility\/o-repatriamento-do-manto-tupinamba-para-o-brasil\/#primaryimage\"},\"image\":{\"@id\":\"https:\/\/www.fink.com.br\/mobility\/o-repatriamento-do-manto-tupinamba-para-o-brasil\/#primaryimage\"},\"thumbnailUrl\":\"https:\/\/www.fink.com.br\/mobility\/wp-content\/uploads\/2025\/01\/Blog.png\",\"datePublished\":\"2025-01-30T18:02:37+00:00\",\"dateModified\":\"2025-01-30T18:08:02+00:00\",\"breadcrumb\":{\"@id\":\"https:\/\/www.fink.com.br\/mobility\/o-repatriamento-do-manto-tupinamba-para-o-brasil\/#breadcrumb\"},\"inLanguage\":\"pt-BR\",\"potentialAction\":[{\"@type\":\"ReadAction\",\"target\":[\"https:\/\/www.fink.com.br\/mobility\/o-repatriamento-do-manto-tupinamba-para-o-brasil\/\"]}]},{\"@type\":\"ImageObject\",\"inLanguage\":\"pt-BR\",\"@id\":\"https:\/\/www.fink.com.br\/mobility\/o-repatriamento-do-manto-tupinamba-para-o-brasil\/#primaryimage\",\"url\":\"https:\/\/www.fink.com.br\/mobility\/wp-content\/uploads\/2025\/01\/Blog.png\",\"contentUrl\":\"https:\/\/www.fink.com.br\/mobility\/wp-content\/uploads\/2025\/01\/Blog.png\",\"width\":1280,\"height\":520},{\"@type\":\"BreadcrumbList\",\"@id\":\"https:\/\/www.fink.com.br\/mobility\/o-repatriamento-do-manto-tupinamba-para-o-brasil\/#breadcrumb\",\"itemListElement\":[{\"@type\":\"ListItem\",\"position\":1,\"name\":\"Home\",\"item\":\"https:\/\/www.fink.com.br\/mobility\/\"},{\"@type\":\"ListItem\",\"position\":2,\"name\":\"O repatriamento do Manto Tupinamb\u00e1 para o Brasil.\"}]},{\"@type\":\"WebSite\",\"@id\":\"https:\/\/www.fink.com.br\/mobility\/#website\",\"url\":\"https:\/\/www.fink.com.br\/mobility\/\",\"name\":\"Fink\",\"description\":\"Mobility\",\"publisher\":{\"@id\":\"https:\/\/www.fink.com.br\/mobility\/#organization\"},\"potentialAction\":[{\"@type\":\"SearchAction\",\"target\":{\"@type\":\"EntryPoint\",\"urlTemplate\":\"https:\/\/www.fink.com.br\/mobility\/?s={search_term_string}\"},\"query-input\":{\"@type\":\"PropertyValueSpecification\",\"valueRequired\":true,\"valueName\":\"search_term_string\"}}],\"inLanguage\":\"pt-BR\"},{\"@type\":\"Organization\",\"@id\":\"https:\/\/www.fink.com.br\/mobility\/#organization\",\"name\":\"Fink\",\"url\":\"https:\/\/www.fink.com.br\/mobility\/\",\"logo\":{\"@type\":\"ImageObject\",\"inLanguage\":\"pt-BR\",\"@id\":\"https:\/\/www.fink.com.br\/mobility\/#\/schema\/logo\/image\/\",\"url\":\"https:\/\/www.fink.com.br\/mobility\/wp-content\/uploads\/2022\/11\/logo-fink.png\",\"contentUrl\":\"https:\/\/www.fink.com.br\/mobility\/wp-content\/uploads\/2022\/11\/logo-fink.png\",\"width\":176,\"height\":49,\"caption\":\"Fink\"},\"image\":{\"@id\":\"https:\/\/www.fink.com.br\/mobility\/#\/schema\/logo\/image\/\"},\"sameAs\":[\"https:\/\/www.facebook.com\/FINKMobility\/\",\"https:\/\/www.instagram.com\/FINKMobility\/\",\"https:\/\/www.linkedin.com\/company\/fink-mobility\"]},{\"@type\":\"Person\",\"@id\":\"https:\/\/www.fink.com.br\/mobility\/#\/schema\/person\/9718e0d04c7c2e8848e1c1c0eed66b94\",\"name\":\"Editor do Blog\",\"image\":{\"@type\":\"ImageObject\",\"inLanguage\":\"pt-BR\",\"@id\":\"https:\/\/secure.gravatar.com\/avatar\/7c79dc20f9168d9775547669a2bfcfe3808a197226c9f3dcd58dd2a648f797fe?s=96&d=mm&r=g\",\"url\":\"https:\/\/secure.gravatar.com\/avatar\/7c79dc20f9168d9775547669a2bfcfe3808a197226c9f3dcd58dd2a648f797fe?s=96&d=mm&r=g\",\"contentUrl\":\"https:\/\/secure.gravatar.com\/avatar\/7c79dc20f9168d9775547669a2bfcfe3808a197226c9f3dcd58dd2a648f797fe?s=96&d=mm&r=g\",\"caption\":\"Editor do Blog\"},\"url\":\"https:\/\/www.fink.com.br\/mobility\/author\/postblog-editor\/\"}]}<\/script>\n<!-- \/ Yoast SEO plugin. -->","yoast_head_json":{"title":"O repatriamento do Manto Tupinamb\u00e1 para o Brasil. - Fink","robots":{"index":"index","follow":"follow","max-snippet":"max-snippet:-1","max-image-preview":"max-image-preview:large","max-video-preview":"max-video-preview:-1"},"canonical":"https:\/\/www.fink.com.br\/mobility\/o-repatriamento-do-manto-tupinamba-para-o-brasil\/","og_locale":"pt_BR","og_type":"article","og_title":"O repatriamento do Manto Tupinamb\u00e1 para o Brasil. - Fink","og_description":"A FINK teve a honra de cuidar de toda a logistica internacional da importa\u00e7\u00e3o para repatria\u00e7\u00e3o do Manto Tupinamb\u00e1, s\u00edmbolo de resist\u00eancia ind\u00edgena, ap\u00f3s mais de 300 anos na Dinamarca.","og_url":"https:\/\/www.fink.com.br\/mobility\/o-repatriamento-do-manto-tupinamba-para-o-brasil\/","og_site_name":"Fink","article_publisher":"https:\/\/www.facebook.com\/FINKMobility\/","article_published_time":"2025-01-30T18:02:37+00:00","article_modified_time":"2025-01-30T18:08:02+00:00","og_image":[{"width":1280,"height":520,"url":"https:\/\/www.fink.com.br\/mobility\/wp-content\/uploads\/2025\/01\/Blog.png","type":"image\/png"}],"author":"Editor do Blog","twitter_card":"summary_large_image","twitter_misc":{"Escrito por":"Editor do Blog","Est. tempo de leitura":"2 minutos"},"schema":{"@context":"https:\/\/schema.org","@graph":[{"@type":"Article","@id":"https:\/\/www.fink.com.br\/mobility\/o-repatriamento-do-manto-tupinamba-para-o-brasil\/#article","isPartOf":{"@id":"https:\/\/www.fink.com.br\/mobility\/o-repatriamento-do-manto-tupinamba-para-o-brasil\/"},"author":{"name":"Editor do Blog","@id":"https:\/\/www.fink.com.br\/mobility\/#\/schema\/person\/9718e0d04c7c2e8848e1c1c0eed66b94"},"headline":"O repatriamento do Manto Tupinamb\u00e1 para o Brasil.","datePublished":"2025-01-30T18:02:37+00:00","dateModified":"2025-01-30T18:08:02+00:00","mainEntityOfPage":{"@id":"https:\/\/www.fink.com.br\/mobility\/o-repatriamento-do-manto-tupinamba-para-o-brasil\/"},"wordCount":250,"publisher":{"@id":"https:\/\/www.fink.com.br\/mobility\/#organization"},"image":{"@id":"https:\/\/www.fink.com.br\/mobility\/o-repatriamento-do-manto-tupinamba-para-o-brasil\/#primaryimage"},"thumbnailUrl":"https:\/\/www.fink.com.br\/mobility\/wp-content\/uploads\/2025\/01\/Blog.png","keywords":["DireitosInd\u00edgenas","MantoTupinanb\u00e1","Repatria\u00e7\u00e3oCultural"],"articleSection":["Blog"],"inLanguage":"pt-BR"},{"@type":"WebPage","@id":"https:\/\/www.fink.com.br\/mobility\/o-repatriamento-do-manto-tupinamba-para-o-brasil\/","url":"https:\/\/www.fink.com.br\/mobility\/o-repatriamento-do-manto-tupinamba-para-o-brasil\/","name":"O repatriamento do Manto Tupinamb\u00e1 para o Brasil. - Fink","isPartOf":{"@id":"https:\/\/www.fink.com.br\/mobility\/#website"},"primaryImageOfPage":{"@id":"https:\/\/www.fink.com.br\/mobility\/o-repatriamento-do-manto-tupinamba-para-o-brasil\/#primaryimage"},"image":{"@id":"https:\/\/www.fink.com.br\/mobility\/o-repatriamento-do-manto-tupinamba-para-o-brasil\/#primaryimage"},"thumbnailUrl":"https:\/\/www.fink.com.br\/mobility\/wp-content\/uploads\/2025\/01\/Blog.png","datePublished":"2025-01-30T18:02:37+00:00","dateModified":"2025-01-30T18:08:02+00:00","breadcrumb":{"@id":"https:\/\/www.fink.com.br\/mobility\/o-repatriamento-do-manto-tupinamba-para-o-brasil\/#breadcrumb"},"inLanguage":"pt-BR","potentialAction":[{"@type":"ReadAction","target":["https:\/\/www.fink.com.br\/mobility\/o-repatriamento-do-manto-tupinamba-para-o-brasil\/"]}]},{"@type":"ImageObject","inLanguage":"pt-BR","@id":"https:\/\/www.fink.com.br\/mobility\/o-repatriamento-do-manto-tupinamba-para-o-brasil\/#primaryimage","url":"https:\/\/www.fink.com.br\/mobility\/wp-content\/uploads\/2025\/01\/Blog.png","contentUrl":"https:\/\/www.fink.com.br\/mobility\/wp-content\/uploads\/2025\/01\/Blog.png","width":1280,"height":520},{"@type":"BreadcrumbList","@id":"https:\/\/www.fink.com.br\/mobility\/o-repatriamento-do-manto-tupinamba-para-o-brasil\/#breadcrumb","itemListElement":[{"@type":"ListItem","position":1,"name":"Home","item":"https:\/\/www.fink.com.br\/mobility\/"},{"@type":"ListItem","position":2,"name":"O repatriamento do Manto Tupinamb\u00e1 para o Brasil."}]},{"@type":"WebSite","@id":"https:\/\/www.fink.com.br\/mobility\/#website","url":"https:\/\/www.fink.com.br\/mobility\/","name":"Fink","description":"Mobility","publisher":{"@id":"https:\/\/www.fink.com.br\/mobility\/#organization"},"potentialAction":[{"@type":"SearchAction","target":{"@type":"EntryPoint","urlTemplate":"https:\/\/www.fink.com.br\/mobility\/?s={search_term_string}"},"query-input":{"@type":"PropertyValueSpecification","valueRequired":true,"valueName":"search_term_string"}}],"inLanguage":"pt-BR"},{"@type":"Organization","@id":"https:\/\/www.fink.com.br\/mobility\/#organization","name":"Fink","url":"https:\/\/www.fink.com.br\/mobility\/","logo":{"@type":"ImageObject","inLanguage":"pt-BR","@id":"https:\/\/www.fink.com.br\/mobility\/#\/schema\/logo\/image\/","url":"https:\/\/www.fink.com.br\/mobility\/wp-content\/uploads\/2022\/11\/logo-fink.png","contentUrl":"https:\/\/www.fink.com.br\/mobility\/wp-content\/uploads\/2022\/11\/logo-fink.png","width":176,"height":49,"caption":"Fink"},"image":{"@id":"https:\/\/www.fink.com.br\/mobility\/#\/schema\/logo\/image\/"},"sameAs":["https:\/\/www.facebook.com\/FINKMobility\/","https:\/\/www.instagram.com\/FINKMobility\/","https:\/\/www.linkedin.com\/company\/fink-mobility"]},{"@type":"Person","@id":"https:\/\/www.fink.com.br\/mobility\/#\/schema\/person\/9718e0d04c7c2e8848e1c1c0eed66b94","name":"Editor do Blog","image":{"@type":"ImageObject","inLanguage":"pt-BR","@id":"https:\/\/secure.gravatar.com\/avatar\/7c79dc20f9168d9775547669a2bfcfe3808a197226c9f3dcd58dd2a648f797fe?s=96&d=mm&r=g","url":"https:\/\/secure.gravatar.com\/avatar\/7c79dc20f9168d9775547669a2bfcfe3808a197226c9f3dcd58dd2a648f797fe?s=96&d=mm&r=g","contentUrl":"https:\/\/secure.gravatar.com\/avatar\/7c79dc20f9168d9775547669a2bfcfe3808a197226c9f3dcd58dd2a648f797fe?s=96&d=mm&r=g","caption":"Editor do Blog"},"url":"https:\/\/www.fink.com.br\/mobility\/author\/postblog-editor\/"}]}},"_links":{"self":[{"href":"https:\/\/www.fink.com.br\/mobility\/wp-json\/wp\/v2\/posts\/10111","targetHints":{"allow":["GET"]}}],"collection":[{"href":"https:\/\/www.fink.com.br\/mobility\/wp-json\/wp\/v2\/posts"}],"about":[{"href":"https:\/\/www.fink.com.br\/mobility\/wp-json\/wp\/v2\/types\/post"}],"author":[{"embeddable":true,"href":"https:\/\/www.fink.com.br\/mobility\/wp-json\/wp\/v2\/users\/11"}],"replies":[{"embeddable":true,"href":"https:\/\/www.fink.com.br\/mobility\/wp-json\/wp\/v2\/comments?post=10111"}],"version-history":[{"count":2,"href":"https:\/\/www.fink.com.br\/mobility\/wp-json\/wp\/v2\/posts\/10111\/revisions"}],"predecessor-version":[{"id":10118,"href":"https:\/\/www.fink.com.br\/mobility\/wp-json\/wp\/v2\/posts\/10111\/revisions\/10118"}],"wp:featuredmedia":[{"embeddable":true,"href":"https:\/\/www.fink.com.br\/mobility\/wp-json\/wp\/v2\/media\/10112"}],"wp:attachment":[{"href":"https:\/\/www.fink.com.br\/mobility\/wp-json\/wp\/v2\/media?parent=10111"}],"wp:term":[{"taxonomy":"category","embeddable":true,"href":"https:\/\/www.fink.com.br\/mobility\/wp-json\/wp\/v2\/categories?post=10111"},{"taxonomy":"post_tag","embeddable":true,"href":"https:\/\/www.fink.com.br\/mobility\/wp-json\/wp\/v2\/tags?post=10111"}],"curies":[{"name":"wp","href":"https:\/\/api.w.org\/{rel}","templated":true}]}}